{"id":4798,"date":"2017-07-31T15:43:00","date_gmt":"2017-07-31T15:43:00","guid":{"rendered":"https:\/\/www.fasb2.it\/news\/projet-dextension-de-la-production-presente-dans-la-municipalite\/"},"modified":"2025-05-07T14:31:30","modified_gmt":"2025-05-07T14:31:30","slug":"projet-dextension-de-la-production-presente-dans-la-municipalite","status":"publish","type":"news","link":"https:\/\/www.fasb2.it\/fr\/news\/projet-dextension-de-la-production-presente-dans-la-municipalite\/","title":{"rendered":"Projet d&rsquo;extension de la production pr\u00e9sent\u00e9 dans la municipalit\u00e9"},"content":{"rendered":"\n<p>Le projet d&rsquo;extension du site de production de Cremella a \u00e9t\u00e9 pr\u00e9sent\u00e9 \u00e0 la mairie.<\/p>\n\n<p>Le projet pr\u00e9voit l&rsquo;agrandissement de la zone de production de pr\u00e8s de 3 000 m\u00e8tres carr\u00e9s, ce qui permettra \u00e0 l&rsquo;entreprise d&rsquo;\u00e9largir sa gamme de produits et, surtout, d&rsquo;investir dans de nouvelles machines. Tout cela permettra de compl\u00e9ter encore mieux le processus de production actuel de l&rsquo;entreprise. L&rsquo;investissement permettra \u00e9galement d&#8217;embaucher du personnel. La nouvelle zone op\u00e9rationnelle devrait \u00eatre achev\u00e9e en 2020.   <\/p>\n","protected":false},"featured_media":4474,"template":"","meta":{"_acf_changed":false,"inline_featured_image":false},"class_list":["post-4798","news","type-news","status-publish","has-post-thumbnail","hentry"],"acf":[],"yoast_head":"<!-- This site is optimized with the Yoast SEO plugin v27.5 - https:\/\/yoast.com\/product\/yoast-seo-wordpress\/ -->\n<title>Projet d&#039;extension de la production pr\u00e9sent\u00e9 dans la municipalit\u00e9 - Fasb Linea 2<\/title>\n<meta name=\"robots\" content=\"index, follow, max-snippet:-1, max-image-preview:large, max-video-preview:-1\" \/>\n<link rel=\"canonical\" href=\"https:\/\/www.fasb2.it\/fr\/news\/projet-dextension-de-la-production-presente-dans-la-municipalite\/\" \/>\n<meta property=\"og:locale\" content=\"fr_FR\" \/>\n<meta property=\"og:type\" content=\"article\" \/>\n<meta property=\"og:title\" content=\"Projet d&#039;extension de la production pr\u00e9sent\u00e9 dans la municipalit\u00e9 - Fasb Linea 2\" \/>\n<meta property=\"og:description\" content=\"Le projet d&rsquo;extension du site de production de Cremella a \u00e9t\u00e9 pr\u00e9sent\u00e9 \u00e0 la mairie. Le projet pr\u00e9voit l&rsquo;agrandissement de la zone de production de pr\u00e8s de 3 000 m\u00e8tres carr\u00e9s, ce qui permettra \u00e0 l&rsquo;entreprise d&rsquo;\u00e9largir sa gamme de produits et, surtout, d&rsquo;investir dans de nouvelles machines. Tout cela permettra de compl\u00e9ter encore mieux [&hellip;]\" \/>\n<meta property=\"og:url\" content=\"https:\/\/www.fasb2.it\/fr\/news\/projet-dextension-de-la-production-presente-dans-la-municipalite\/\" \/>\n<meta property=\"og:site_name\" content=\"Fasb Linea 2\" \/>\n<meta property=\"article:modified_time\" content=\"2025-05-07T14:31:30+00:00\" \/>\n<meta property=\"og:image\" content=\"https:\/\/www.fasb2.it\/wp-content\/uploads\/2024\/10\/progetto_nuova_sede.jpg\" \/>\n\t<meta property=\"og:image:width\" content=\"1920\" \/>\n\t<meta property=\"og:image:height\" content=\"1080\" \/>\n\t<meta property=\"og:image:type\" content=\"image\/jpeg\" \/>\n<meta name=\"twitter:card\" content=\"summary_large_image\" \/>\n<script type=\"application\/ld+json\" class=\"yoast-schema-graph\">{\"@context\":\"https:\\\/\\\/schema.org\",\"@graph\":[{\"@type\":\"WebPage\",\"@id\":\"https:\\\/\\\/www.fasb2.it\\\/fr\\\/news\\\/projet-dextension-de-la-production-presente-dans-la-municipalite\\\/\",\"url\":\"https:\\\/\\\/www.fasb2.it\\\/fr\\\/news\\\/projet-dextension-de-la-production-presente-dans-la-municipalite\\\/\",\"name\":\"Projet d'extension de la production pr\u00e9sent\u00e9 dans la municipalit\u00e9 - Fasb Linea 2\",\"isPartOf\":{\"@id\":\"https:\\\/\\\/www.fasb2.it\\\/fr\\\/#website\"},\"primaryImageOfPage\":{\"@id\":\"https:\\\/\\\/www.fasb2.it\\\/fr\\\/news\\\/projet-dextension-de-la-production-presente-dans-la-municipalite\\\/#primaryimage\"},\"image\":{\"@id\":\"https:\\\/\\\/www.fasb2.it\\\/fr\\\/news\\\/projet-dextension-de-la-production-presente-dans-la-municipalite\\\/#primaryimage\"},\"thumbnailUrl\":\"https:\\\/\\\/www.fasb2.it\\\/wp-content\\\/uploads\\\/2024\\\/10\\\/progetto_nuova_sede.jpg\",\"datePublished\":\"2017-07-31T15:43:00+00:00\",\"dateModified\":\"2025-05-07T14:31:30+00:00\",\"breadcrumb\":{\"@id\":\"https:\\\/\\\/www.fasb2.it\\\/fr\\\/news\\\/projet-dextension-de-la-production-presente-dans-la-municipalite\\\/#breadcrumb\"},\"inLanguage\":\"fr-FR\",\"potentialAction\":[{\"@type\":\"ReadAction\",\"target\":[\"https:\\\/\\\/www.fasb2.it\\\/fr\\\/news\\\/projet-dextension-de-la-production-presente-dans-la-municipalite\\\/\"]}]},{\"@type\":\"ImageObject\",\"inLanguage\":\"fr-FR\",\"@id\":\"https:\\\/\\\/www.fasb2.it\\\/fr\\\/news\\\/projet-dextension-de-la-production-presente-dans-la-municipalite\\\/#primaryimage\",\"url\":\"https:\\\/\\\/www.fasb2.it\\\/wp-content\\\/uploads\\\/2024\\\/10\\\/progetto_nuova_sede.jpg\",\"contentUrl\":\"https:\\\/\\\/www.fasb2.it\\\/wp-content\\\/uploads\\\/2024\\\/10\\\/progetto_nuova_sede.jpg\",\"width\":1920,\"height\":1080},{\"@type\":\"BreadcrumbList\",\"@id\":\"https:\\\/\\\/www.fasb2.it\\\/fr\\\/news\\\/projet-dextension-de-la-production-presente-dans-la-municipalite\\\/#breadcrumb\",\"itemListElement\":[{\"@type\":\"ListItem\",\"position\":1,\"name\":\"Home\",\"item\":\"https:\\\/\\\/www.fasb2.it\\\/fr\\\/page-daccueil\\\/\"},{\"@type\":\"ListItem\",\"position\":2,\"name\":\"Actualit\u00e9s\",\"item\":\"https:\\\/\\\/www.fasb2.it\\\/fr\\\/news\\\/\"},{\"@type\":\"ListItem\",\"position\":3,\"name\":\"Projet d&#8217;extension de la production pr\u00e9sent\u00e9 dans la municipalit\u00e9\"}]},{\"@type\":\"WebSite\",\"@id\":\"https:\\\/\\\/www.fasb2.it\\\/fr\\\/#website\",\"url\":\"https:\\\/\\\/www.fasb2.it\\\/fr\\\/\",\"name\":\"Fasb Linea 2\",\"description\":\"\",\"potentialAction\":[{\"@type\":\"SearchAction\",\"target\":{\"@type\":\"EntryPoint\",\"urlTemplate\":\"https:\\\/\\\/www.fasb2.it\\\/fr\\\/?s={search_term_string}\"},\"query-input\":{\"@type\":\"PropertyValueSpecification\",\"valueRequired\":true,\"valueName\":\"search_term_string\"}}],\"inLanguage\":\"fr-FR\"}]}<\/script>\n<!-- \/ Yoast SEO plugin. -->","yoast_head_json":{"title":"Projet d'extension de la production pr\u00e9sent\u00e9 dans la municipalit\u00e9 - Fasb Linea 2","robots":{"index":"index","follow":"follow","max-snippet":"max-snippet:-1","max-image-preview":"max-image-preview:large","max-video-preview":"max-video-preview:-1"},"canonical":"https:\/\/www.fasb2.it\/fr\/news\/projet-dextension-de-la-production-presente-dans-la-municipalite\/","og_locale":"fr_FR","og_type":"article","og_title":"Projet d'extension de la production pr\u00e9sent\u00e9 dans la municipalit\u00e9 - Fasb Linea 2","og_description":"Le projet d&rsquo;extension du site de production de Cremella a \u00e9t\u00e9 pr\u00e9sent\u00e9 \u00e0 la mairie. Le projet pr\u00e9voit l&rsquo;agrandissement de la zone de production de pr\u00e8s de 3 000 m\u00e8tres carr\u00e9s, ce qui permettra \u00e0 l&rsquo;entreprise d&rsquo;\u00e9largir sa gamme de produits et, surtout, d&rsquo;investir dans de nouvelles machines. Tout cela permettra de compl\u00e9ter encore mieux [&hellip;]","og_url":"https:\/\/www.fasb2.it\/fr\/news\/projet-dextension-de-la-production-presente-dans-la-municipalite\/","og_site_name":"Fasb Linea 2","article_modified_time":"2025-05-07T14:31:30+00:00","og_image":[{"width":1920,"height":1080,"url":"https:\/\/www.fasb2.it\/wp-content\/uploads\/2024\/10\/progetto_nuova_sede.jpg","type":"image\/jpeg"}],"twitter_card":"summary_large_image","schema":{"@context":"https:\/\/schema.org","@graph":[{"@type":"WebPage","@id":"https:\/\/www.fasb2.it\/fr\/news\/projet-dextension-de-la-production-presente-dans-la-municipalite\/","url":"https:\/\/www.fasb2.it\/fr\/news\/projet-dextension-de-la-production-presente-dans-la-municipalite\/","name":"Projet d'extension de la production pr\u00e9sent\u00e9 dans la municipalit\u00e9 - Fasb Linea 2","isPartOf":{"@id":"https:\/\/www.fasb2.it\/fr\/#website"},"primaryImageOfPage":{"@id":"https:\/\/www.fasb2.it\/fr\/news\/projet-dextension-de-la-production-presente-dans-la-municipalite\/#primaryimage"},"image":{"@id":"https:\/\/www.fasb2.it\/fr\/news\/projet-dextension-de-la-production-presente-dans-la-municipalite\/#primaryimage"},"thumbnailUrl":"https:\/\/www.fasb2.it\/wp-content\/uploads\/2024\/10\/progetto_nuova_sede.jpg","datePublished":"2017-07-31T15:43:00+00:00","dateModified":"2025-05-07T14:31:30+00:00","breadcrumb":{"@id":"https:\/\/www.fasb2.it\/fr\/news\/projet-dextension-de-la-production-presente-dans-la-municipalite\/#breadcrumb"},"inLanguage":"fr-FR","potentialAction":[{"@type":"ReadAction","target":["https:\/\/www.fasb2.it\/fr\/news\/projet-dextension-de-la-production-presente-dans-la-municipalite\/"]}]},{"@type":"ImageObject","inLanguage":"fr-FR","@id":"https:\/\/www.fasb2.it\/fr\/news\/projet-dextension-de-la-production-presente-dans-la-municipalite\/#primaryimage","url":"https:\/\/www.fasb2.it\/wp-content\/uploads\/2024\/10\/progetto_nuova_sede.jpg","contentUrl":"https:\/\/www.fasb2.it\/wp-content\/uploads\/2024\/10\/progetto_nuova_sede.jpg","width":1920,"height":1080},{"@type":"BreadcrumbList","@id":"https:\/\/www.fasb2.it\/fr\/news\/projet-dextension-de-la-production-presente-dans-la-municipalite\/#breadcrumb","itemListElement":[{"@type":"ListItem","position":1,"name":"Home","item":"https:\/\/www.fasb2.it\/fr\/page-daccueil\/"},{"@type":"ListItem","position":2,"name":"Actualit\u00e9s","item":"https:\/\/www.fasb2.it\/fr\/news\/"},{"@type":"ListItem","position":3,"name":"Projet d&#8217;extension de la production pr\u00e9sent\u00e9 dans la municipalit\u00e9"}]},{"@type":"WebSite","@id":"https:\/\/www.fasb2.it\/fr\/#website","url":"https:\/\/www.fasb2.it\/fr\/","name":"Fasb Linea 2","description":"","potentialAction":[{"@type":"SearchAction","target":{"@type":"EntryPoint","urlTemplate":"https:\/\/www.fasb2.it\/fr\/?s={search_term_string}"},"query-input":{"@type":"PropertyValueSpecification","valueRequired":true,"valueName":"search_term_string"}}],"inLanguage":"fr-FR"}]}},"_links":{"self":[{"href":"https:\/\/www.fasb2.it\/fr\/wp-json\/wp\/v2\/news\/4798","targetHints":{"allow":["GET"]}}],"collection":[{"href":"https:\/\/www.fasb2.it\/fr\/wp-json\/wp\/v2\/news"}],"about":[{"href":"https:\/\/www.fasb2.it\/fr\/wp-json\/wp\/v2\/types\/news"}],"wp:featuredmedia":[{"embeddable":true,"href":"https:\/\/www.fasb2.it\/fr\/wp-json\/wp\/v2\/media\/4474"}],"wp:attachment":[{"href":"https:\/\/www.fasb2.it\/fr\/wp-json\/wp\/v2\/media?parent=4798"}],"curies":[{"name":"wp","href":"https:\/\/api.w.org\/{rel}","templated":true}]}}